{"id":4,"date":"2016-03-10T10:15:06","date_gmt":"2016-03-10T09:15:06","guid":{"rendered":"https:\/\/developpement.lif.univ-mrs.fr\/?p=4"},"modified":"2018-02-14T11:08:45","modified_gmt":"2018-02-14T10:08:45","slug":"lexvalf","status":"publish","type":"post","link":"https:\/\/developpement.lis-lab.fr\/?p=4","title":{"rendered":"LEXVALF"},"content":{"rendered":"<p><strong><a href=\"http:\/\/lexvalf.lis-lab.fr\">LEXVALF<\/a><\/strong> est un lexique \u00e9lectronique des valences verbales du fran\u00e7ais en cours de cr\u00e9ation par Andr\u00e9 Valli pour l&rsquo;\u00e9quipe <a href=\"http:\/\/www.lif.univ-mrs.fr\/recherche\/equipes\/6\/presentation\">Traitement Automatique du Langage Ecrit et Parl\u00e9 (TALEP)<\/a>.<\/p>\n<p>La cellule d\u00e9veloppement technologique du LIS a repris le suivi technique de la plate-forme en compl\u00e9tant sa base de donn\u00e9es de mani\u00e8re \u00e0 permettre la reprise de l&rsquo;alimentation du lexique.<\/p>\n<p>Ce suivi technique sera poursuivi afin d&rsquo;assurer le bon fonctionnement de la plate-forme jusqu&rsquo;\u00e0 la finalisation du lexique. La diffusion publique du lexique \u00e0 moyen terme est \u00e9galement pr\u00e9vue.<\/p>\n<p><img loading=\"lazy\" decoding=\"async\" class=\"wp-image-61 aligncenter\" src=\"https:\/\/developpement.lif.univ-mrs.fr\/wp-content\/uploads\/2016\/03\/LEXVALF_example-252x300.png\" alt=\"LEXVALF_example\" width=\"456\" height=\"543\" srcset=\"https:\/\/developpement.lis-lab.fr\/wp-content\/uploads\/2016\/03\/LEXVALF_example-252x300.png 252w, https:\/\/developpement.lis-lab.fr\/wp-content\/uploads\/2016\/03\/LEXVALF_example-768x915.png 768w, https:\/\/developpement.lis-lab.fr\/wp-content\/uploads\/2016\/03\/LEXVALF_example-859x1024.png 859w, https:\/\/developpement.lis-lab.fr\/wp-content\/uploads\/2016\/03\/LEXVALF_example-660x787.png 660w, https:\/\/developpement.lis-lab.fr\/wp-content\/uploads\/2016\/03\/LEXVALF_example.png 913w\" sizes=\"auto, (max-width: 456px) 100vw, 456px\" \/><\/p>\n","protected":false},"excerpt":{"rendered":"<p>LEXVALF est un lexique \u00e9lectronique des valences verbales du fran\u00e7ais en cours de cr\u00e9ation par Andr\u00e9 Valli pour l&rsquo;\u00e9quipe Traitement Automatique du Langage Ecrit et Parl\u00e9 (TALEP). La cellule d\u00e9veloppement technologique du LIS a repris le suivi technique de la plate-forme en compl\u00e9tant sa base de donn\u00e9es de mani\u00e8re \u00e0 permettre la reprise de l&rsquo;alimentation\u2026 <span class=\"read-more\"><a href=\"https:\/\/developpement.lis-lab.fr\/?p=4\">Lire la suite &raquo;<\/a><\/span><\/p>\n","protected":false},"author":2,"featured_media":0,"comment_status":"closed","ping_status":"closed","sticky":false,"template":"","format":"standard","meta":{"footnotes":""},"categories":[9],"tags":[17],"class_list":["post-4","post","type-post","status-publish","format-standard","hentry","category-projets-passes","tag-lexvalf"],"_links":{"self":[{"href":"https:\/\/developpement.lis-lab.fr\/index.php?rest_route=\/wp\/v2\/posts\/4","targetHints":{"allow":["GET"]}}],"collection":[{"href":"https:\/\/developpement.lis-lab.fr\/index.php?rest_route=\/wp\/v2\/posts"}],"about":[{"href":"https:\/\/developpement.lis-lab.fr\/index.php?rest_route=\/wp\/v2\/types\/post"}],"author":[{"embeddable":true,"href":"https:\/\/developpement.lis-lab.fr\/index.php?rest_route=\/wp\/v2\/users\/2"}],"replies":[{"embeddable":true,"href":"https:\/\/developpement.lis-lab.fr\/index.php?rest_route=%2Fwp%2Fv2%2Fcomments&post=4"}],"version-history":[{"count":11,"href":"https:\/\/developpement.lis-lab.fr\/index.php?rest_route=\/wp\/v2\/posts\/4\/revisions"}],"predecessor-version":[{"id":198,"href":"https:\/\/developpement.lis-lab.fr\/index.php?rest_route=\/wp\/v2\/posts\/4\/revisions\/198"}],"wp:attachment":[{"href":"https:\/\/developpement.lis-lab.fr\/index.php?rest_route=%2Fwp%2Fv2%2Fmedia&parent=4"}],"wp:term":[{"taxonomy":"category","embeddable":true,"href":"https:\/\/developpement.lis-lab.fr\/index.php?rest_route=%2Fwp%2Fv2%2Fcategories&post=4"},{"taxonomy":"post_tag","embeddable":true,"href":"https:\/\/developpement.lis-lab.fr\/index.php?rest_route=%2Fwp%2Fv2%2Ftags&post=4"}],"curies":[{"name":"wp","href":"https:\/\/api.w.org\/{rel}","templated":true}]}}